{"id":1278,"date":"2023-12-09T11:49:46","date_gmt":"2023-12-09T09:49:46","guid":{"rendered":"https:\/\/brf-hh.net\/?p=1278"},"modified":"2023-12-09T11:49:46","modified_gmt":"2023-12-09T09:49:46","slug":"avgiftsavier-gemensamhetsel-och-p-avgifter","status":"publish","type":"post","link":"http:\/\/brf-hh.net\/?p=1278","title":{"rendered":"Avgiftsavier, gemensamhetsel och p-avgifter"},"content":{"rendered":"\n<p>Fr\u00e5n och med denna m\u00e5nad faktureras elen av v\u00e5r f\u00f6rvaltare Fastighets\u00e4garna och \u00e4r inkluderad p\u00e5 avgiftsavin. Den \u00e4r en enskild post s\u00e5 titta p\u00e5 fakturan f\u00f6r att se m\u00e5nadsavgift respektive elfaktura. Gemensamhetsel (IMD) har nu inf\u00f6rsts och styrelsen h\u00e5ller p\u00e5 att registrera enskilda inlogg f\u00f6r alla boende s\u00e5 det g\u00e5r att f\u00f6lja sin elf\u00f6rbrukning &#8211; kommer i brevl\u00e5dorna inom kort.<br><br>Som tidigare aviserats ser vi ocks\u00e5 \u00f6ver garagekontrakten och kommer h\u00f6ja avgifterna. Mer information kring detta kommer! Vid \u00e5rskiftet 23\/24 kommer avgifterna f\u00f6r garageplats som vanligt justeras i enlighet med ditt nuvarande avtal. <br><br>\/Styrelsen<\/p>\n","protected":false},"excerpt":{"rendered":"<p>Fr\u00e5n och med denna m\u00e5nad faktureras elen av v\u00e5r f\u00f6rvaltare Fastighets\u00e4garna och \u00e4r inkluderad p\u00e5 avgiftsavin. Den \u00e4r en enskild post s\u00e5 titta p\u00e5 fakturan f\u00f6r att se m\u00e5nadsavgift respektive elfaktura. Gemensamhetsel (IMD) har nu inf\u00f6rsts och styrelsen h\u00e5ller p\u00e5 att registrera enskilda inlogg f\u00f6r alla boende s\u00e5 det g\u00e5r att f\u00f6lja sin elf\u00f6rbrukning &#8211; [&hellip;]<\/p>\n","protected":false},"author":10,"featured_media":0,"comment_status":"closed","ping_status":"closed","sticky":false,"template":"","format":"standard","meta":{"footnotes":""},"categories":[3],"tags":[],"class_list":["post-1278","post","type-post","status-publish","format-standard","hentry","category-information"],"_links":{"self":[{"href":"http:\/\/brf-hh.net\/index.php?rest_route=\/wp\/v2\/posts\/1278","targetHints":{"allow":["GET"]}}],"collection":[{"href":"http:\/\/brf-hh.net\/index.php?rest_route=\/wp\/v2\/posts"}],"about":[{"href":"http:\/\/brf-hh.net\/index.php?rest_route=\/wp\/v2\/types\/post"}],"author":[{"embeddable":true,"href":"http:\/\/brf-hh.net\/index.php?rest_route=\/wp\/v2\/users\/10"}],"replies":[{"embeddable":true,"href":"http:\/\/brf-hh.net\/index.php?rest_route=%2Fwp%2Fv2%2Fcomments&post=1278"}],"version-history":[{"count":1,"href":"http:\/\/brf-hh.net\/index.php?rest_route=\/wp\/v2\/posts\/1278\/revisions"}],"predecessor-version":[{"id":1279,"href":"http:\/\/brf-hh.net\/index.php?rest_route=\/wp\/v2\/posts\/1278\/revisions\/1279"}],"wp:attachment":[{"href":"http:\/\/brf-hh.net\/index.php?rest_route=%2Fwp%2Fv2%2Fmedia&parent=1278"}],"wp:term":[{"taxonomy":"category","embeddable":true,"href":"http:\/\/brf-hh.net\/index.php?rest_route=%2Fwp%2Fv2%2Fcategories&post=1278"},{"taxonomy":"post_tag","embeddable":true,"href":"http:\/\/brf-hh.net\/index.php?rest_route=%2Fwp%2Fv2%2Ftags&post=1278"}],"curies":[{"name":"wp","href":"https:\/\/api.w.org\/{rel}","templated":true}]}}